{"id":318,"date":"2014-06-26T13:30:09","date_gmt":"2014-06-26T12:30:09","guid":{"rendered":"http:\/\/archeopressja.wordpress.com\/?p=318"},"modified":"2014-06-26T13:30:09","modified_gmt":"2014-06-26T12:30:09","slug":"zaproszenie-na-warsztaty-i-prelekcje-przywracanie-pamieci-na-wspolnym-cmentarzu-polakow-niemcow-i-rosjan-w-setna-rocznice-zamachu-w-sarajewie-28-czerwca-1914","status":"publish","type":"post","link":"https:\/\/www.archeopressja.pl\/?p=318","title":{"rendered":"zaproszenie na warsztaty i prelekcj\u0119: PRZYWRACANIE PAMI\u0118CI NA WSP\u00d3LNYM CMENTARZU  POLAK\u00d3W, NIEMC\u00d3W I ROSJAN    (w setn\u0105 rocznic\u0119 zamachu w Sarajewie 28 czerwca 1914"},"content":{"rendered":"<p>\u00a0Szanowni Pa\u0144stwo,<\/p>\n<p>w ramach realizacji projektu pt. \u00a0<\/p>\n<p>\u00a0<\/p>\n<p><strong><em>ARCHEOLOGIA JAKO ANTIDOTUM NA ZAPOMNIENIE i WANDALIZM.<\/em><\/strong><\/p>\n<p><strong><em>PIERWSZA WOJNA \u015aWIATOWA NAD RAWK\u0104 I BZUR\u0104 \u00a0(1914 \u2013 2014).<\/em><\/strong><\/p>\n<p><strong><em>KU PRZYDRO\u017bNYM LEKCJOM HISTORII\u00a0<\/em><\/strong><\/p>\n<p><strong>serdecznie zapraszamy na warsztaty pt.<\/strong><\/p>\n<p style=\"text-align:center;\">\u00a0<strong><em>PRZYWRACANIE PAMI\u0118CI NA WSP\u00d3LNYM CMENTARZU \u00a0\u00a0<\/em><\/strong><strong><em>POLAK\u00d3W, NIEMC\u00d3W I ROSJAN<\/em><\/strong><\/p>\n<p style=\"text-align:center;\"><strong><em>\u00a0 (w setn\u0105 rocznic\u0119 zamachu w Sarajewie).<\/em><\/strong><\/p>\n<p>kiedy:<\/p>\n<p>28<strong>\u00a0czerwca 2014 (sobota) \u00a0godz. 12:00-14:00<\/strong><\/p>\n<p>gdzie:\u00a0<strong>\u00a0<\/strong><\/p>\n<p><strong>Cmentarz w Bolimowskiej Wsi<\/strong><\/p>\n<p>Na Cmentarzu Wojennym w Bolimowskiej Wsi pochowani zostali obok siebie (!) \u017co\u0142nierze obydwu stron konfliktu, kt\u00f3rzy ponie\u015bli \u015bmier\u0107 w walkach nad Rawk\u0105 w latach 1914-1915. Dzi\u015b cmentarz ten, pomimo, \u017ce relatywnie zadbany ulega ci\u0105g\u0142emu procesowi niszczenia, zar\u00f3wno z przyczyn naturalnych jak i antropogenicznych.<\/p>\n<p>Warsztaty stanowi\u0105ce integralny element projektu ARCHEOLOGIA JAKO ANTIDOTUM NA ZAPOMNIENIE i WANDALIZM. PIERWSZA WOJNA \u015aWIATOWA NAD RAWK\u0104 I BZUR\u0104 (1914 \u2013 2014). KU PRZYDRO\u017bNYM LEKCJOM HISTORII, maj\u0105 na celu oczyszczenie i zadokumentowanie \u00a0materialnych pozosta\u0142o\u015bci z kt\u00f3rymi mamy do czynienia w obr\u0119bie tego cmentarza niemal 100 lat od jego za\u0142o\u017cenia.<\/p>\n<p>Postrzegamy to jako przejaw czynnej troski o cmentarz, kt\u00f3ry za\u015bwiadcza o z\u0142o\u017cono\u015bci Wielkiej Wojny, w tym o z\u0142o\u017cono\u015bci naszej historii.<\/p>\n<p>Upami\u0119tnianie poprzez dokumentowanie i refleksj\u0119, mo\u017ce przyczyni\u0107 si\u0119 do przed\u0142u\u017cenia trwania materialnych relikt\u00f3w przesz\u0142o\u015bci, zar\u00f3wno w sensie konceptualnym (w tym pami\u0119ciowym, historycznym) jak i fizycznym (w tym konserwatorskim, archeologicznym).<\/p>\n<p><strong>Miejsce zbi\u00f3rki: kapliczka przy cmentarzu niemiecko \u2013rosyjskim Bolimowskiej Wsi<\/strong><br \/> <strong>godzina:\u00a012:00 -14:00<\/strong><\/p>\n<p><strong>Zapraszamy \u00a0do uczestniczenia w WARSZTATACH<\/strong><\/p>\n<p>PROSIMY wolontariuszy \u00a0zainteresowanych uczestniczeniem w warsztatach o uprzednie mailowe zg\u0142oszenie si\u0119\u00a0do A. Zalewskiej (kontakt: azalew@op.pl).<br \/> Z uwagi na charakter prac, potrzebujemy mie\u0107 wgl\u0105d w ilo\u015b\u0107 os\u00f3b zainteresowanych czynnym w nich uczestnictwem \u2013 dlatego bardzo prosz\u0119 \u00a0o wcze\u015bniejsze zg\u0142oszenie ch\u0119ci uczestniczenia w warsztatach pod adresem azalew@op.pl).\u00a0<br \/> <strong>Prosimy uczestnik\u00f3w o przyj<\/strong><strong>\u015b<\/strong><strong>cie w stroju roboczym, tj. sprzyjaj<\/strong><strong>\u0105<\/strong><strong>cym pracom porz<\/strong><strong>\u0105<\/strong><strong>dkowym i dokumentacyjnym.<\/strong><\/p>\n<p><strong>\u00a0<\/strong><\/p>\n<p style=\"text-align:center;\"><strong>\u00a0ZAPRASZAMY TE\u017b NA PRELEKCJ\u0118 \u2013 DYSKUSJ\u0118 pt.:<\/strong><\/p>\n<p style=\"text-align:center;\"><strong><em>ARCHEOLOGIA PIERWSZEJ WOJNY \u015aWIATOWEJ: NIE-PAMI\u0118\u0106 LUDZKA A PAMI\u0118\u0106 MATERII<\/em><\/strong><\/p>\n<p>kiedy:<\/p>\n<p>28<strong>\u00a0czerwca 2014 (sobota)\u00a0\u00a0godz 16:00<\/strong><\/p>\n<p>gdzie:<\/p>\n<p><strong>Gminny O\u015brodek Kultury w Bolimowie, ul. \u0141owicka 9.<\/strong>\u00a0<\/p>\n<p style=\"text-align:right;\"><strong>ORGANIZATOR: <\/strong><\/p>\n<p style=\"text-align:right;\">pomys\u0142odawczyni i kierownik projektu<\/p>\n<p style=\"text-align:right;\"><strong>Anna Zalewska (Instytut Archeologii UMCS)<\/strong><\/p>\n<p style=\"text-align:right;\">Projekt realizowany jest pod patronatem Instytutu Archeologii i Etnologii PAN w Warszawie<\/p>\n<p>\u00a0<\/p>\n<p>\u00a0<\/p>\n<p><img decoding=\"async\" id=\"i-320\" class=\"size-full wp-image\" src=\"https:\/\/www.archeopressja.pl\/wp-content\/uploads\/2014\/06\/fwpn1.png?w=206\" alt=\"Image\" \/>\u00a0\u00a0<strong>Projekt jest dofinansowany przez Fundacj\u0119 Wsp\u00f3\u0142pracy Polsko- Niemieckiej.<\/strong><\/p>\n<p><strong>Zob. szczeg\u00f3\u0142y tak\u017ce\u00a0 na:<\/strong><\/p>\n<div class=\"post-video\">\n<blockquote class=\"wp-embedded-content\" data-secret=\"zQt8sbm7JJ\"><p><a href=\"https:\/\/archeopressja.wordpress.com\/2014\/06\/24\/archeologia-pierwszej-wojny-swiatowej-nie-pamiec-ludzka-a-pamiec-materii\/\">ARCHEOLOGIA PIERWSZEJ WOJNY \u015aWIATOWEJ: NIE-PAMI\u0118\u0106 LUDZKA A PAMI\u0118\u0106&nbsp;MATERII<\/a><\/p><\/blockquote>\n<p><iframe loading=\"lazy\" class=\"wp-embedded-content\" sandbox=\"allow-scripts\" security=\"restricted\" style=\"position: absolute; clip: rect(1px, 1px, 1px, 1px);\" title=\"&#8222;ARCHEOLOGIA PIERWSZEJ WOJNY \u015aWIATOWEJ: NIE-PAMI\u0118\u0106 LUDZKA A PAMI\u0118\u0106&nbsp;MATERII&#8221; &#8212; archeoPRESSja\" src=\"https:\/\/archeopressja.wordpress.com\/2014\/06\/24\/archeologia-pierwszej-wojny-swiatowej-nie-pamiec-ludzka-a-pamiec-materii\/embed\/#?secret=Dh85Oa6kTB#?secret=zQt8sbm7JJ\" data-secret=\"zQt8sbm7JJ\" width=\"500\" height=\"282\" frameborder=\"0\" marginwidth=\"0\" marginheight=\"0\" scrolling=\"no\"><\/iframe><\/div>\n<\/p>\n<div class=\"post-video\">\n<blockquote class=\"wp-embedded-content\" data-secret=\"AurEjCCCc3\"><p><a href=\"https:\/\/archeopressja.wordpress.com\/2014\/06\/23\/archeologia-jako-antidotum-na-zapomnienie-i-wandalizm-pierwsza-wojna-swiatowa-nad-rawka-i-bzura-1914-2014-ku-przydroznym-lekcjom-historii-warsztaty-przywracanie-pamieci-o-wielkiej\/\">Zaproszenie: ARCHEOLOGIA JAKO ANTIDOTUM NA ZAPOMNIENIE i WANDALIZM.  PIERWSZA WOJNA \u015aWIATOWA NAD RAWK\u0104 I BZUR\u0104 (1914 \u2013 2014).  KU PRZYDRO\u017bNYM LEKCJOM HISTORII  &#8211;  WARSZTATY: PRZYWRACANIE PAMI\u0118CI O WIELKIEJ WOJNIE NA WSP\u00d3LNYM CMENTARZU POLAK\u00d3W, NIEMC\u00d3W I ROSJAN  (w setn\u0105 rocznic\u0119 zamachu w&nbsp;Sarajewie).<\/a><\/p><\/blockquote>\n<p><iframe loading=\"lazy\" class=\"wp-embedded-content\" sandbox=\"allow-scripts\" security=\"restricted\" style=\"position: absolute; clip: rect(1px, 1px, 1px, 1px);\" title=\"&#8222;Zaproszenie: ARCHEOLOGIA JAKO ANTIDOTUM NA ZAPOMNIENIE i WANDALIZM.  PIERWSZA WOJNA \u015aWIATOWA NAD RAWK\u0104 I BZUR\u0104 (1914 \u2013 2014).  KU PRZYDRO\u017bNYM LEKCJOM HISTORII  &#8211;  WARSZTATY: PRZYWRACANIE PAMI\u0118CI O WIELKIEJ WOJNIE NA WSP\u00d3LNYM CMENTARZU POLAK\u00d3W, NIEMC\u00d3W I ROSJAN  (w setn\u0105 rocznic\u0119 zamachu w&nbsp;Sarajewie).&#8221; &#8212; archeoPRESSja\" src=\"https:\/\/archeopressja.wordpress.com\/2014\/06\/23\/archeologia-jako-antidotum-na-zapomnienie-i-wandalizm-pierwsza-wojna-swiatowa-nad-rawka-i-bzura-1914-2014-ku-przydroznym-lekcjom-historii-warsztaty-przywracanie-pamieci-o-wielkiej\/embed\/#?secret=4hE4v1FOfw#?secret=AurEjCCCc3\" data-secret=\"AurEjCCCc3\" width=\"500\" height=\"282\" frameborder=\"0\" marginwidth=\"0\" marginheight=\"0\" scrolling=\"no\"><\/iframe><\/div>\n<\/p>\n<p>http:\/\/fwpn.org.pl\/kalendarium\/archeologia-pierwszej-wojny-swiatowej-nie-pamiec-ludzka-a-pamiec-materii-PfaajU<\/p>\n<p>\u00a0<\/p>\n<div id=\"themify_builder_content-318\" data-postid=\"318\" class=\"themify_builder_content themify_builder_content-318 themify_builder themify_builder_front\">\n\t<\/div>\n<!-- \/themify_builder_content -->","protected":false},"excerpt":{"rendered":"<p>\u00a0Szanowni Pa\u0144stwo, w ramach realizacji projektu pt. \u00a0 \u00a0 ARCHEOLOGIA JAKO ANTIDOTUM NA ZAPOMNIENIE i WANDALIZM. PIERWSZA WOJNA \u015aWIATOWA NAD RAWK\u0104 I BZUR\u0104 \u00a0(1914 \u2013 2014). KU PRZYDRO\u017bNYM LEKCJOM HISTORII\u00a0 serdecznie zapraszamy na warsztaty pt. \u00a0PRZYWRACANIE PAMI\u0118CI NA WSP\u00d3LNYM CMENTARZU \u00a0\u00a0POLAK\u00d3W, NIEMC\u00d3W I ROSJAN \u00a0 (w setn\u0105 rocznic\u0119 zamachu w Sarajewie). kiedy: 28\u00a0czerwca 2014 (sobota) [&hellip;]<\/p>\n","protected":false},"author":2,"featured_media":0,"comment_status":"open","ping_status":"open","sticky":false,"template":"","format":"standard","meta":{"footnotes":""},"categories":[2],"tags":[],"class_list":["post-318","post","type-post","status-publish","format-standard","hentry","category-uncategorized","has-post-title","has-post-date","has-post-category","has-post-tag","has-post-comment","has-post-author"],"_links":{"self":[{"href":"https:\/\/www.archeopressja.pl\/index.php?rest_route=\/wp\/v2\/posts\/318","targetHints":{"allow":["GET"]}}],"collection":[{"href":"https:\/\/www.archeopressja.pl\/index.php?rest_route=\/wp\/v2\/posts"}],"about":[{"href":"https:\/\/www.archeopressja.pl\/index.php?rest_route=\/wp\/v2\/types\/post"}],"author":[{"embeddable":true,"href":"https:\/\/www.archeopressja.pl\/index.php?rest_route=\/wp\/v2\/users\/2"}],"replies":[{"embeddable":true,"href":"https:\/\/www.archeopressja.pl\/index.php?rest_route=%2Fwp%2Fv2%2Fcomments&post=318"}],"version-history":[{"count":0,"href":"https:\/\/www.archeopressja.pl\/index.php?rest_route=\/wp\/v2\/posts\/318\/revisions"}],"wp:attachment":[{"href":"https:\/\/www.archeopressja.pl\/index.php?rest_route=%2Fwp%2Fv2%2Fmedia&parent=318"}],"wp:term":[{"taxonomy":"category","embeddable":true,"href":"https:\/\/www.archeopressja.pl\/index.php?rest_route=%2Fwp%2Fv2%2Fcategories&post=318"},{"taxonomy":"post_tag","embeddable":true,"href":"https:\/\/www.archeopressja.pl\/index.php?rest_route=%2Fwp%2Fv2%2Ftags&post=318"}],"curies":[{"name":"wp","href":"https:\/\/api.w.org\/{rel}","templated":true}]}}